{"id":135,"date":"2025-07-03T16:10:35","date_gmt":"2025-07-03T14:10:35","guid":{"rendered":"https:\/\/lamaisonjeannedarc.com\/?p=135"},"modified":"2025-12-20T14:02:18","modified_gmt":"2025-12-20T13:02:18","slug":"chateau-de-ratilly","status":"publish","type":"post","link":"https:\/\/lamaisonjeannedarc.com\/de\/aux-alentours\/chateau-de-ratilly\/","title":{"rendered":"Schloss R\u00e2tilly"},"content":{"rendered":"<p>Lieu embl\u00e9matique \u00e9difi\u00e9 au XIIIe si\u00e8cle sur les fondations d\u2019une forteresse du XIe, Ratilly dresse son architecture m\u00e9di\u00e9vale au c\u0153ur de la Puisaye, dans une campagne intacte.<br>Au cours des guerres de religion, Ratilly abrite les Huguenots et accueille les Jans\u00e9nistes pourchass\u00e9s au d\u00e9but du XVIIIe si\u00e8cle.<\/p>\n\n\n\n<p>En 1951, Jeanne et Norbert Pierlot y installent leur atelier de poterie et, \u00e0 travers les rencontres qu\u2019ils d\u00e9veloppent, font de Ratilly l\u2019un des tout premiers centres d\u2019art priv\u00e9 en France, un lieu d\u2019\u00e9changes et d\u2019expressions artistiques.<\/p>\n\n\n\n<p>Aujourd\u2019hui, la famille Pierlot perp\u00e9tue leur \u0153uvre et vous invite \u00e0 d\u00e9couvrir Ratilly au fil des saisons.<\/p>\n\n\n\n<p>\u2022 Pigeonnier, salle des Gardes, chemin\u00e9e Renaissance\u2026<br>\u2022 Atelier artisanal de poterie en activit\u00e9<br>\u2022 Expositions d\u2019art contemporain<br>\u2022 Programmation musicale vari\u00e9e<br>\u2022 Stages artistiques<\/p>\n\n\n\n<p><a href=\"http:\/\/chateauderatilly.fr\/\" target=\"_blank\" rel=\"noreferrer noopener\">Le site du Ch\u00e2teau de Ratilly<\/a><\/p>","protected":false},"excerpt":{"rendered":"<p>Lieu embl\u00e9matique \u00e9difi\u00e9 au XIIIe si\u00e8cle sur les fondations d\u2019une forteresse du XIe, Ratilly dresse son architecture m\u00e9di\u00e9vale au c\u0153ur de la Puisaye, dans une campagne intacte.Au cours des guerres de religion, Ratilly abrite les Huguenots et accueille les Jans\u00e9nistes pourchass\u00e9s au d\u00e9but du XVIIIe si\u00e8cle. En 1951, Jeanne et Norbert Pierlot y installent leur&#8230;<\/p>","protected":false},"author":2,"featured_media":626,"comment_status":"closed","ping_status":"closed","sticky":false,"template":"","format":"standard","meta":{"_acf_changed":false,"_kad_blocks_custom_css":"","_kad_blocks_head_custom_js":"","_kad_blocks_body_custom_js":"","_kad_blocks_footer_custom_js":"","_kadence_starter_templates_imported_post":false,"_kad_post_transparent":"","_kad_post_title":"","_kad_post_layout":"","_kad_post_sidebar_id":"","_kad_post_content_style":"","_kad_post_vertical_padding":"","_kad_post_feature":"","_kad_post_feature_position":"","_kad_post_header":false,"_kad_post_footer":false,"_kad_post_classname":"","footnotes":""},"categories":[6],"tags":[],"class_list":["post-135","post","type-post","status-publish","format-standard","has-post-thumbnail","hentry","category-aux-alentours"],"acf":[],"taxonomy_info":{"category":[{"value":6,"label":"Aux alentours"}]},"featured_image_src_large":["https:\/\/lamaisonjeannedarc.com\/wp-content\/uploads\/sites\/27\/2025\/07\/F09.Chateau_de_Ratilly.0198-1024x685.jpg",1024,685,true],"author_info":{"display_name":"manon","author_link":"https:\/\/lamaisonjeannedarc.com\/de\/author\/manon\/"},"comment_info":"","category_info":[{"term_id":6,"name":"Aux alentours","slug":"aux-alentours","term_group":0,"term_taxonomy_id":6,"taxonomy":"category","description":"<b>Gu\u00e9delon &amp; La Puisaye<\/b>\r\n\r\nLa Puisaye est une destination incontournable pour les amateurs d\u2019histoire et de patrimoine. Commencez votre exploration par le chantier m\u00e9di\u00e9val de Gu\u00e9delon, o\u00f9 l\u2019art de la construction m\u00e9di\u00e9vale prend vie sous vos yeux.\r\n\r\nPuis dirigez-vous vers le ch\u00e2teau de Saint Fargeau, un t\u00e9moin impressionnant des si\u00e8cles pass\u00e9s. Les autres lieux d\u2019int\u00e9r\u00eat de la r\u00e9gion, des paysages naturels aux sites culturels, ne manqueront pas de vous s\u00e9duire.\r\n\r\nPour rendre votre s\u00e9jour m\u00e9morable, choisissez la Maison Jeanne d\u2019Arc comme votre point de chute. Avec son ambiance conviviale et ses prestations de qualit\u00e9, elle promet un accueil chaleureux apr\u00e8s vos aventures.","parent":0,"count":6,"filter":"raw","cat_ID":6,"category_count":6,"category_description":"<b>Gu\u00e9delon &amp; La Puisaye<\/b>\r\n\r\nLa Puisaye est une destination incontournable pour les amateurs d\u2019histoire et de patrimoine. Commencez votre exploration par le chantier m\u00e9di\u00e9val de Gu\u00e9delon, o\u00f9 l\u2019art de la construction m\u00e9di\u00e9vale prend vie sous vos yeux.\r\n\r\nPuis dirigez-vous vers le ch\u00e2teau de Saint Fargeau, un t\u00e9moin impressionnant des si\u00e8cles pass\u00e9s. Les autres lieux d\u2019int\u00e9r\u00eat de la r\u00e9gion, des paysages naturels aux sites culturels, ne manqueront pas de vous s\u00e9duire.\r\n\r\nPour rendre votre s\u00e9jour m\u00e9morable, choisissez la Maison Jeanne d\u2019Arc comme votre point de chute. Avec son ambiance conviviale et ses prestations de qualit\u00e9, elle promet un accueil chaleureux apr\u00e8s vos aventures.","cat_name":"Aux alentours","category_nicename":"aux-alentours","category_parent":0}],"tag_info":false,"_links":{"self":[{"href":"https:\/\/lamaisonjeannedarc.com\/de\/wp-json\/wp\/v2\/posts\/135","targetHints":{"allow":["GET"]}}],"collection":[{"href":"https:\/\/lamaisonjeannedarc.com\/de\/wp-json\/wp\/v2\/posts"}],"about":[{"href":"https:\/\/lamaisonjeannedarc.com\/de\/wp-json\/wp\/v2\/types\/post"}],"author":[{"embeddable":true,"href":"https:\/\/lamaisonjeannedarc.com\/de\/wp-json\/wp\/v2\/users\/2"}],"replies":[{"embeddable":true,"href":"https:\/\/lamaisonjeannedarc.com\/de\/wp-json\/wp\/v2\/comments?post=135"}],"version-history":[{"count":3,"href":"https:\/\/lamaisonjeannedarc.com\/de\/wp-json\/wp\/v2\/posts\/135\/revisions"}],"predecessor-version":[{"id":628,"href":"https:\/\/lamaisonjeannedarc.com\/de\/wp-json\/wp\/v2\/posts\/135\/revisions\/628"}],"wp:featuredmedia":[{"embeddable":true,"href":"https:\/\/lamaisonjeannedarc.com\/de\/wp-json\/wp\/v2\/media\/626"}],"wp:attachment":[{"href":"https:\/\/lamaisonjeannedarc.com\/de\/wp-json\/wp\/v2\/media?parent=135"}],"wp:term":[{"taxonomy":"category","embeddable":true,"href":"https:\/\/lamaisonjeannedarc.com\/de\/wp-json\/wp\/v2\/categories?post=135"},{"taxonomy":"post_tag","embeddable":true,"href":"https:\/\/lamaisonjeannedarc.com\/de\/wp-json\/wp\/v2\/tags?post=135"}],"curies":[{"name":"wp","href":"https:\/\/api.w.org\/{rel}","templated":true}]}}